{"id":1863,"date":"2024-07-28T14:03:51","date_gmt":"2024-07-28T14:03:51","guid":{"rendered":"https:\/\/africaalliance.ipas.org\/naomi-letikich\/"},"modified":"2024-07-31T15:12:11","modified_gmt":"2024-07-31T15:12:11","slug":"naomi-letikich","status":"publish","type":"post","link":"https:\/\/africaalliance.ipas.org\/fr\/naomi-letikich\/","title":{"rendered":"Naomi Letikich"},"content":{"rendered":"<p>[et_pb_section fb_built=\u00a0\u00bb1&Prime; specialty=\u00a0\u00bbon\u00a0\u00bb _builder_version=\u00a0\u00bb4.27.0&Prime; _module_preset=\u00a0\u00bbdefault\u00a0\u00bb global_colors_info=\u00a0\u00bb{}\u00a0\u00bb theme_builder_area=\u00a0\u00bbpost_content\u00a0\u00bb][et_pb_column type=\u00a0\u00bb1_3&Prime; _builder_version=\u00a0\u00bb4.16&Prime; custom_padding=\u00a0\u00bb|||\u00a0\u00bb global_colors_info=\u00a0\u00bb{}\u00a0\u00bb custom_padding__hover=\u00a0\u00bb|||\u00a0\u00bb theme_builder_area=\u00a0\u00bbpost_content\u00a0\u00bb][et_pb_text _builder_version=\u00a0\u00bb4.27.0&Prime; _module_preset=\u00a0\u00bbdefault\u00a0\u00bb hover_enabled=\u00a0\u00bb0&Prime; global_colors_info=\u00a0\u00bb{}\u00a0\u00bb theme_builder_area=\u00a0\u00bbpost_content\u00a0\u00bb sticky_enabled=\u00a0\u00bb0&Prime;]<\/p>\n<p>Kenya<\/p>\n<p><strong>PACIDA<\/strong><\/p>\n<p><strong>Naomi Letikich<\/strong>, b\u00e9n\u00e9ficiaire de l&rsquo;initiative des jardins potagers, dans son potager.<\/p>\n<p>\u00ab\u00a0Gr\u00e2ce \u00e0 ce projet, j&rsquo;ai appris ce qu&rsquo;est l&rsquo;agriculture et comment la pratiquer correctement. J&rsquo;ai aussi appris l&rsquo;importance d&rsquo;avoir un potager, surtout dans une r\u00e9gion s\u00e8che comme la n\u00f4tre. J&rsquo;ai aussi appris l&rsquo;importance du planning familial et de l&rsquo;\u00e9pargne. Je suis capable d&rsquo;\u00e9conomiser l&rsquo;argent que je re\u00e7ois apr\u00e8s avoir vendu les l\u00e9gumes de mon potager et de le d\u00e9penser \u00e0 bon escient.<\/p>\n<p>Esther Sweeney \/ Ipas<\/p>\n<p>[\/et_pb_text][\/et_pb_column][et_pb_column type=\u00a0\u00bb2_3&Prime; specialty_columns=\u00a0\u00bb2&Prime; _builder_version=\u00a0\u00bb4.16&Prime; custom_padding=\u00a0\u00bb|||\u00a0\u00bb global_colors_info=\u00a0\u00bb{}\u00a0\u00bb custom_padding__hover=\u00a0\u00bb|||\u00a0\u00bb theme_builder_area=\u00a0\u00bbpost_content\u00a0\u00bb][et_pb_row_inner _builder_version=\u00a0\u00bb4.27.0&Prime; _module_preset=\u00a0\u00bbdefault\u00a0\u00bb global_colors_info=\u00a0\u00bb{}\u00a0\u00bb theme_builder_area=\u00a0\u00bbpost_content\u00a0\u00bb][et_pb_column_inner saved_specialty_column_type=\u00a0\u00bb2_3&Prime; _builder_version=\u00a0\u00bb4.27.0&Prime; _module_preset=\u00a0\u00bbdefault\u00a0\u00bb global_colors_info=\u00a0\u00bb{}\u00a0\u00bb theme_builder_area=\u00a0\u00bbpost_content\u00a0\u00bb][et_pb_image src=\u00a0\u00bbhttps:\/\/africaalliance.ipas.org\/wp-content\/uploads\/2024\/07\/Ipas_IMG_7184_RS7615_-scaled.jpg\u00a0\u00bb alt=\u00a0\u00bbNami Letikich\u00a0\u00bb title_text=\u00a0\u00bbIpas_IMG_7184_RS7615_\u00a0\u00bb _builder_version=\u00a0\u00bb4.27.0&Prime; _module_preset=\u00a0\u00bbdefault\u00a0\u00bb hover_enabled=\u00a0\u00bb0&Prime; global_colors_info=\u00a0\u00bb{}\u00a0\u00bb theme_builder_area=\u00a0\u00bbpost_content\u00a0\u00bb sticky_enabled=\u00a0\u00bb0&Prime;][\/et_pb_image][\/et_pb_column_inner][\/et_pb_row_inner][et_pb_row_inner column_structure=\u00a0\u00bb1_2,1_2&Prime; _builder_version=\u00a0\u00bb4.27.0&Prime; _module_preset=\u00a0\u00bbdefault\u00a0\u00bb global_colors_info=\u00a0\u00bb{}\u00a0\u00bb theme_builder_area=\u00a0\u00bbpost_content\u00a0\u00bb][et_pb_column_inner type=\u00a0\u00bb1_2&Prime; saved_specialty_column_type=\u00a0\u00bb2_3&Prime; _builder_version=\u00a0\u00bb4.27.0&Prime; _module_preset=\u00a0\u00bbdefault\u00a0\u00bb global_colors_info=\u00a0\u00bb{}\u00a0\u00bb theme_builder_area=\u00a0\u00bbpost_content\u00a0\u00bb][et_pb_image src=\u00a0\u00bbhttps:\/\/africaalliance.ipas.org\/wp-content\/uploads\/2024\/07\/Ipas_IMG_7184_RS7620_-scaled.jpg\u00a0\u00bb alt=\u00a0\u00bbNami Letikich\u00a0\u00bb title_text=\u00a0\u00bbIpas_IMG_7184_RS7620_\u00a0\u00bb _builder_version=\u00a0\u00bb4.27.0&Prime; _module_preset=\u00a0\u00bbdefault\u00a0\u00bb hover_enabled=\u00a0\u00bb0&Prime; global_colors_info=\u00a0\u00bb{}\u00a0\u00bb theme_builder_area=\u00a0\u00bbpost_content\u00a0\u00bb sticky_enabled=\u00a0\u00bb0&Prime;][\/et_pb_image][\/et_pb_column_inner][et_pb_column_inner type=\u00a0\u00bb1_2&Prime; saved_specialty_column_type=\u00a0\u00bb2_3&Prime; _builder_version=\u00a0\u00bb4.27.0&Prime; _module_preset=\u00a0\u00bbdefault\u00a0\u00bb global_colors_info=\u00a0\u00bb{}\u00a0\u00bb theme_builder_area=\u00a0\u00bbpost_content\u00a0\u00bb][et_pb_image src=\u00a0\u00bbhttps:\/\/africaalliance.ipas.org\/wp-content\/uploads\/2024\/07\/Ipas_IMG_7155_RS7621_-scaled.jpg\u00a0\u00bb alt=\u00a0\u00bbJardin potager\u00a0\u00bb title_text=\u00a0\u00bbIpas_IMG_7155_RS7621_\u00a0\u00bb _builder_version=\u00a0\u00bb4.27.0&Prime; _module_preset=\u00a0\u00bbdefault\u00a0\u00bb hover_enabled=\u00a0\u00bb0&Prime; global_colors_info=\u00a0\u00bb{}\u00a0\u00bb theme_builder_area=\u00a0\u00bbpost_content\u00a0\u00bb sticky_enabled=\u00a0\u00bb0&Prime;][\/et_pb_image][\/et_pb_column_inner][\/et_pb_row_inner][\/et_pb_column][\/et_pb_section]<\/p>\n","protected":false},"excerpt":{"rendered":"<p>Kenya PACIDA Naomi Letikich, b\u00e9n\u00e9ficiaire de l&rsquo;initiative des jardins potagers, dans son potager. \u00ab\u00a0Gr\u00e2ce \u00e0 ce projet, j&rsquo;ai appris ce qu&rsquo;est l&rsquo;agriculture et comment la pratiquer correctement. J&rsquo;ai aussi appris l&rsquo;importance d&rsquo;avoir un potager, surtout dans une r\u00e9gion s\u00e8che comme la n\u00f4tre. J&rsquo;ai aussi appris l&rsquo;importance du planning familial et de l&rsquo;\u00e9pargne. Je suis capable d&rsquo;\u00e9conomiser l&rsquo;argent que je re\u00e7ois apr\u00e8s avoir vendu les l\u00e9gumes de mon potager et de le d\u00e9penser \u00e0 bon escient. Esther Sweeney \/ Ipas<\/p>\n","protected":false},"author":2,"featured_media":1602,"comment_status":"closed","ping_status":"closed","sticky":false,"template":"","format":"standard","meta":{"_et_pb_use_builder":"on","_et_pb_old_content":"","_et_gb_content_width":"","inline_featured_image":false,"footnotes":""},"categories":[19],"country":[21],"focus-area":[],"class_list":["post-1863","post","type-post","status-publish","format-standard","has-post-thumbnail","hentry","category-histoire","country-kenya"],"_links":{"self":[{"href":"https:\/\/africaalliance.ipas.org\/fr\/wp-json\/wp\/v2\/posts\/1863","targetHints":{"allow":["GET"]}}],"collection":[{"href":"https:\/\/africaalliance.ipas.org\/fr\/wp-json\/wp\/v2\/posts"}],"about":[{"href":"https:\/\/africaalliance.ipas.org\/fr\/wp-json\/wp\/v2\/types\/post"}],"author":[{"embeddable":true,"href":"https:\/\/africaalliance.ipas.org\/fr\/wp-json\/wp\/v2\/users\/2"}],"replies":[{"embeddable":true,"href":"https:\/\/africaalliance.ipas.org\/fr\/wp-json\/wp\/v2\/comments?post=1863"}],"version-history":[{"count":0,"href":"https:\/\/africaalliance.ipas.org\/fr\/wp-json\/wp\/v2\/posts\/1863\/revisions"}],"wp:featuredmedia":[{"embeddable":true,"href":"https:\/\/africaalliance.ipas.org\/fr\/wp-json\/wp\/v2\/media\/1602"}],"wp:attachment":[{"href":"https:\/\/africaalliance.ipas.org\/fr\/wp-json\/wp\/v2\/media?parent=1863"}],"wp:term":[{"taxonomy":"category","embeddable":true,"href":"https:\/\/africaalliance.ipas.org\/fr\/wp-json\/wp\/v2\/categories?post=1863"},{"taxonomy":"country","embeddable":true,"href":"https:\/\/africaalliance.ipas.org\/fr\/wp-json\/wp\/v2\/country?post=1863"},{"taxonomy":"focus-area","embeddable":true,"href":"https:\/\/africaalliance.ipas.org\/fr\/wp-json\/wp\/v2\/focus-area?post=1863"}],"curies":[{"name":"wp","href":"https:\/\/api.w.org\/{rel}","templated":true}]}}